{"id":19508,"date":"2026-08-30T17:54:05","date_gmt":"2026-08-30T15:54:05","guid":{"rendered":"https:\/\/mediadorconflictos.com\/?p=19508"},"modified":"2026-08-30T19:01:25","modified_gmt":"2026-08-30T17:01:25","slug":"mediation-communautaire-fetes-de-quartier-et-cohabitation-de-voisinage","status":"publish","type":"post","link":"https:\/\/mediadorconflictos.com\/fr\/mediation-communautaire-fetes-de-quartier-et-cohabitation-de-voisinage\/","title":{"rendered":"M\u00e9diation communautaire, f\u00eates de quartier et cohabitation de voisinage"},"content":{"rendered":"<h3><strong>M\u00e9diation communautaire, f\u00eates de quartier et cohabitation de voisinage : pr\u00e9venir les conflits par le dialogue<\/strong><\/h3>\n<p>Barcelone, le 29 ao\u00fbt 2026<\/p>\n<p>&nbsp;<\/p>\n<p><a href=\"https:\/\/mediadorconflictos.com\/fr\/mediation-communautaire-fetes-de-quartier-et-cohabitation-de-voisinage\/festa-major-1-2\/\" rel=\"attachment wp-att-19468\"><img fetchpriority=\"high\" decoding=\"async\" class=\"alignnone  wp-image-19468\" src=\"https:\/\/mediadorconflictos.com\/wp-content\/uploads\/2026\/08\/FESTA-MAJOR-1.jpg\" alt=\"\" width=\"562\" height=\"418\" srcset=\"https:\/\/mediadorconflictos.com\/wp-content\/uploads\/2026\/08\/FESTA-MAJOR-1.jpg 1024w, https:\/\/mediadorconflictos.com\/wp-content\/uploads\/2026\/08\/FESTA-MAJOR-1-300x223.jpg 300w, https:\/\/mediadorconflictos.com\/wp-content\/uploads\/2026\/08\/FESTA-MAJOR-1-768x571.jpg 768w, https:\/\/mediadorconflictos.com\/wp-content\/uploads\/2026\/08\/FESTA-MAJOR-1-700x520.jpg 700w\" sizes=\"(max-width: 562px) 100vw, 562px\" \/><\/a><\/p>\n<p>&nbsp;<\/p>\n<p>Aujourd\u2019hui s\u2019ach\u00e8ve la Festa Major de Sants et, avec elle, la Festa Major de la pla\u00e7a de la Farga. C\u2019est un bon moment pour parler des f\u00eates de quartier, de cohabitation de voisinage, de m\u00e9diation communautaire et d\u2019espace public, mais aussi pour mettre en valeur les progr\u00e8s accomplis au cours de ces derni\u00e8res ann\u00e9es.<\/p>\n<p>Les f\u00eates de quartier font partie de l\u2019identit\u00e9 de nos quartiers. Ce sont des espaces de rencontre, de participation et de relations entre des personnes qui partagent les m\u00eames rues et les m\u00eames places tout au long de l\u2019ann\u00e9e. Elles repr\u00e9sentent \u00e9galement de nombreuses heures de travail b\u00e9n\u00e9vole de la part de personnes et d\u2019associations qui consacrent du temps et des efforts \u00e0 leur organisation.<\/p>\n<p>Mais une f\u00eate de quartier se d\u00e9roule dans un espace qui reste, en m\u00eame temps, le lieu de vie de nombreuses personnes. C\u2019est l\u00e0 qu\u2019appara\u00eet l\u2019un des grands d\u00e9fis en mati\u00e8re de cohabitation de voisinage : comment concilier le droit de profiter de la f\u00eate avec le droit au repos et \u00e0 la vie quotidienne des habitants.<\/p>\n<p>Ces int\u00e9r\u00eats ne sont pas n\u00e9cessairement incompatibles. Le probl\u00e8me appara\u00eet lorsque nous les pr\u00e9sentons comme s\u2019ils l\u2019\u00e9taient.<\/p>\n<p>&nbsp;<\/p>\n<p><strong>L\u2019exp\u00e9rience de la pla\u00e7a de la Farga<\/strong><\/p>\n<p>Je connais particuli\u00e8rement bien cette r\u00e9alit\u00e9 car je suis membre fondateur, depuis 2010, de l\u2019Associaci\u00f3 de Ve\u00efns i Ve\u00efnes de la Pla\u00e7a de la Farga et parce que, professionnellement, une part importante de mon activit\u00e9 est consacr\u00e9e \u00e0 la m\u00e9diation des conflits et, tout particuli\u00e8rement, \u00e0 la m\u00e9diation communautaire et de voisinage.<\/p>\n<p>Cette double perspective m\u2019a permis d\u2019observer pendant de nombreuses ann\u00e9es l\u2019\u00e9volution des conflits de cohabitation dans nos quartiers.<\/p>\n<p>\u00c0 la pla\u00e7a de la Farga, nous avons connu des p\u00e9riodes plus difficiles et d\u2019autres au cours desquelles il a \u00e9t\u00e9 possible de progresser de mani\u00e8re significative. Si je compare la situation actuelle \u00e0 celle d\u2019il y a quelques ann\u00e9es, je pense sinc\u00e8rement que l\u2019\u00e9volution a \u00e9t\u00e9 positive.<\/p>\n<p>Et je consid\u00e8re qu\u2019il est important de reconna\u00eetre le r\u00f4le jou\u00e9 dans cette \u00e9volution par la Comissi\u00f3 de Festes de la Pla\u00e7a de la Farga.<\/p>\n<p>Je tiens notamment \u00e0 souligner l\u2019attitude constructive de son pr\u00e9sident, Dani Catal\u00e0, ainsi que le travail de l\u2019ensemble des personnes qui composent la commission. Au fil du temps, il y a eu une r\u00e9elle volont\u00e9 d\u2019\u00e9couter, de dialoguer et de rechercher des solutions permettant d\u2019int\u00e9grer la f\u00eate dans le quartier plut\u00f4t que d\u2019en faire un \u00e9l\u00e9ment de confrontation avec ceux qui y vivent.<\/p>\n<p>Naturellement, certains aspects peuvent toujours \u00eatre am\u00e9lior\u00e9s. Mais il est \u00e9galement juste de reconna\u00eetre les \u00e9volutions positives.<\/p>\n<p>&nbsp;<\/p>\n<p><strong>Le bruit et les conflits de voisinage<\/strong><\/p>\n<p>L\u2019une des principales sources de conflit lors des f\u00eates organis\u00e9es dans les espaces urbains est le bruit.<\/p>\n<p>Le d\u00e9bat se limite souvent \u00e0 d\u00e9terminer jusqu\u2019\u00e0 quelle heure la musique peut \u00eatre diffus\u00e9e ou quel est le niveau maximal de d\u00e9cibels autoris\u00e9. Ce sont des questions importantes, mais la r\u00e9alit\u00e9 est bien plus complexe.<\/p>\n<p>Les personnes qui vivent \u00e0 proximit\u00e9 d\u2019une sc\u00e8ne savent que toutes les fr\u00e9quences ne sont pas per\u00e7ues de la m\u00eame mani\u00e8re. Les basses, les vibrations et certaines r\u00e9verb\u00e9rations peuvent traverser les fa\u00e7ades et les fen\u00eatres et \u00eatre ressenties \u00e0 l\u2019int\u00e9rieur des logements, m\u00eame lorsque la mesure g\u00e9n\u00e9rale du niveau sonore peut sembler raisonnable.<\/p>\n<p>C\u2019est pourquoi une bonne gestion de l\u2019impact acoustique exige davantage que le simple respect formel d\u2019un horaire. Elle implique \u00e9galement de prendre en compte l\u2019orientation des \u00e9quipements, leur puissance, les basses fr\u00e9quences, l\u2019emplacement des haut-parleurs et les caract\u00e9ristiques particuli\u00e8res de l\u2019environnement.<\/p>\n<p>Je pense \u00e9galement qu\u2019il est logique que la musique amplifi\u00e9e soit li\u00e9e aux activit\u00e9s programm\u00e9es. Lorsqu\u2019une activit\u00e9 se termine, il n\u2019est pas toujours n\u00e9cessaire de maintenir une musique d\u2019ambiance \u00e0 un volume \u00e9lev\u00e9 simplement parce que le mat\u00e9riel de sonorisation reste install\u00e9.<\/p>\n<p>Ce sont des changements qui peuvent avoir une incidence importante sur la cohabitation de voisinage.<\/p>\n<p>&nbsp;<\/p>\n<p><strong>De la confrontation au dialogue : le r\u00f4le de la m\u00e9diation communautaire<\/strong><\/p>\n<p>Pendant des ann\u00e9es, dans de nombreux endroits, les conflits li\u00e9s aux f\u00eates de quartier et \u00e0 la vie nocturne ont \u00e9t\u00e9 abord\u00e9s \u00e0 partir de positions oppos\u00e9es.<\/p>\n<p>D\u2019un c\u00f4t\u00e9, ceux qui d\u00e9fendent la f\u00eate. De l\u2019autre, ceux qui r\u00e9clament le droit au repos.<\/p>\n<p>Cette fa\u00e7on de poser le probl\u00e8me conduit facilement \u00e0 une dynamique dans laquelle toute demande de r\u00e9duction du bruit est interpr\u00e9t\u00e9e comme une attaque contre la f\u00eate, tandis que toute activit\u00e9 festive peut \u00eatre per\u00e7ue comme une agression par les habitants.<\/p>\n<p>La m\u00e9diation communautaire propose une autre mani\u00e8re d\u2019aborder ces situations.<\/p>\n<p>Il ne s\u2019agit pas de d\u00e9cider qui a raison, mais d\u2019identifier les besoins de chaque partie et de rechercher des solutions permettant de concilier des int\u00e9r\u00eats l\u00e9gitimes.<\/p>\n<p>Dans notre exp\u00e9rience \u00e0 la pla\u00e7a de la Farga, le dialogue entre la Comissi\u00f3 de Festes, l\u2019Associaci\u00f3 de Ve\u00efns i Ve\u00efnes et le Districte de Sants-Montju\u00efc a permis d\u2019introduire progressivement des am\u00e9liorations et de construire une relation beaucoup plus constructive.<\/p>\n<p>Cela ne signifie pas que tous les probl\u00e8mes soient r\u00e9solus ni que nous pensions tous de la m\u00eame mani\u00e8re. Cela signifie quelque chose de bien plus utile : nous pouvons parler des probl\u00e8mes sans devenir des adversaires.<\/p>\n<p>&nbsp;<\/p>\n<p><strong>Un autre d\u00e9bat pour l\u2019avenir : f\u00eates de quartier et consommation d\u2019alcool<\/strong><\/p>\n<p>Il existe un autre aspect qui, \u00e0 mon avis, m\u00e9rite de faire partie de cette discussion et qui va bien au-del\u00e0 de la pla\u00e7a de la Farga, de Sants ou m\u00eame de Barcelone.<\/p>\n<p>Je fais r\u00e9f\u00e9rence \u00e0 la consommation d\u2019alcool associ\u00e9e aux f\u00eates de quartier et, plus particuli\u00e8rement, \u00e0 sa consommation dans l\u2019espace public.<\/p>\n<p>Je n\u2019aborde pas cette question dans une perspective prohibitionniste. Je ne pense pas non plus que le d\u00e9bat doive se limiter \u00e0 d\u00e9cider s\u2019il faut ou non vendre de l\u2019alcool. La question de fond est diff\u00e9rente : dans quelle mesure avons-nous normalis\u00e9 l\u2019id\u00e9e que f\u00eate, divertissement, vie nocturne et consommation d\u2019alcool doivent n\u00e9cessairement aller de pair ?<\/p>\n<p>Il existe peut-\u00eatre l\u00e0 aussi une marge d\u2019am\u00e9lioration importante.<\/p>\n<p>Nous connaissons parfaitement certaines des cons\u00e9quences les plus graves d\u2019une consommation irresponsable d\u2019alcool, notamment lorsqu\u2019une personne conduit ensuite un v\u00e9hicule, utilise des machines ou r\u00e9alise des activit\u00e9s exigeant attention et responsabilit\u00e9.<\/p>\n<p>Mais il existe une autre cons\u00e9quence, beaucoup plus quotidienne, qui affecte directement la cohabitation dans les quartiers et que ceux d\u2019entre nous qui vivent \u00e0 proximit\u00e9 des lieux de f\u00eate connaissent parfaitement.<\/p>\n<p>La consommation excessive d\u2019alcool peut se traduire par des vomissures, des odeurs pestilentielles d\u2019urine dans les rues, sur les fa\u00e7ades et dans les entr\u00e9es d\u2019immeubles, des cris, le non-respect des r\u00e8gles, des comportements inciviques et des situations de d\u00e9sordre qui se prolongent \u00e9galement en dehors de l\u2019espace o\u00f9 se d\u00e9roule la f\u00eate.<\/p>\n<p>\u00c0 cela s\u2019ajoute une quantit\u00e9 consid\u00e9rable et tr\u00e8s visible de d\u00e9chets qui restent habituellement dispers\u00e9s dans les rues et les espaces environnants le lendemain de la f\u00eate : canettes, bouteilles, gobelets en plastique et autres emballages abandonn\u00e9s sur les trottoirs, dans les entr\u00e9es d\u2019immeubles, au pied des arbres et dans d\u2019autres recoins de l\u2019espace public.<\/p>\n<p>Une autre question ne devrait pas non plus \u00eatre n\u00e9glig\u00e9e : la quantit\u00e9 de ressources publiques qui doivent ensuite \u00eatre consacr\u00e9es au nettoyage et \u00e0 la remise en \u00e9tat de ces espaces. Services de nettoyage, personnel, v\u00e9hicules, eau et autres moyens sont n\u00e9cessaires pour que, quelques heures plus tard, les rues puissent retrouver des conditions raisonnables.<\/p>\n<p>Cette situation est d\u2019autant plus frappante que les organisateurs des f\u00eates et les administrations pr\u00e9voient g\u00e9n\u00e9ralement des mesures destin\u00e9es \u00e0 r\u00e9duire ces nuisances, notamment l\u2019installation de toilettes publiques. Malgr\u00e9 cela, on continue \u00e0 constater la pr\u00e9sence d\u2019urine dans les rues, sur les fa\u00e7ades et dans les entr\u00e9es d\u2019immeubles, ainsi que de d\u00e9chets abandonn\u00e9s en dehors des emplacements pr\u00e9vus \u00e0 cet effet.<\/p>\n<p>Il y a donc quelque chose qui ne fonctionne pas tout \u00e0 fait et qu\u2019il serait int\u00e9ressant d\u2019analyser. Pourquoi, alors que des toilettes et des dispositifs de collecte des d\u00e9chets sont disponibles, certaines personnes continuent-elles \u00e0 agir de cette mani\u00e8re ?<\/p>\n<p>Il n\u2019existe probablement pas une seule explication, mais je pense qu\u2019il serait erron\u00e9 de dissocier compl\u00e8tement cette question de la consommation excessive d\u2019alcool. Lorsque cette consommation entra\u00eene une perte de contr\u00f4le, elle peut \u00e9galement r\u00e9duire l\u2019attention port\u00e9e aux r\u00e8gles les plus \u00e9l\u00e9mentaires de la vie en commun et aux cons\u00e9quences que nos actes peuvent avoir pour les autres.<\/p>\n<p>C\u2019est pourquoi le d\u00e9bat sur l\u2019alcool lors des f\u00eates de quartier ne devrait pas \u00eatre abord\u00e9 uniquement sous l\u2019angle de la sant\u00e9 ou de la s\u00e9curit\u00e9 routi\u00e8re. Il comporte \u00e9galement une dimension li\u00e9e au civisme, \u00e0 la cohabitation, \u00e0 la propret\u00e9, \u00e0 l\u2019utilisation responsable de l\u2019espace public et \u00e0 l\u2019emploi de ressources financ\u00e9es collectivement.<\/p>\n<p>Il ne s\u2019agit pas de culpabiliser l\u2019ensemble des personnes qui participent \u00e0 une f\u00eate, car l\u2019immense majorit\u00e9 d\u2019entre elles est \u00e9videmment capable d\u2019en profiter tout en respectant parfaitement son environnement. Il s\u2019agit plut\u00f4t de nous demander si nous pouvons am\u00e9liorer un mod\u00e8le dans lequel certains comportements associ\u00e9s \u00e0 la f\u00eate et \u00e0 la consommation excessive d\u2019alcool semblent s\u2019\u00eatre normalis\u00e9s.<\/p>\n<p>Une f\u00eate de quartier peut \u00eatre extr\u00eamement participative, conviviale et populaire sans que l\u2019alcool doive n\u00e9cessairement y occuper une place centrale et, surtout, sans que les habitants des environs aient \u00e0 subir, le lendemain, les cons\u00e9quences des comportements inciviques d\u2019une partie des participants.<\/p>\n<p>&nbsp;<\/p>\n<p><strong>La m\u00e9diation communautaire peut \u00e9galement \u00eatre pr\u00e9ventive<\/strong><\/p>\n<p>L\u2019un des aspects qui m\u2019int\u00e9ressent le plus dans la m\u00e9diation communautaire est pr\u00e9cis\u00e9ment sa capacit\u00e9 de pr\u00e9vention.<\/p>\n<p>Nous ne devrions pas toujours attendre les plaintes, les appels \u00e0 la Guardia Urbana, la r\u00e9p\u00e9tition des r\u00e9clamations ou l\u2019affrontement entre habitants et organisateurs.<\/p>\n<p>La m\u00e9diation communautaire peut commencer en amont.<\/p>\n<p>Avant une f\u00eate de quartier, il est possible d\u2019identifier les principaux points de conflit potentiels, d\u2019\u00e9couter les habitants, de conna\u00eetre les besoins des associations organisatrices, de revoir les horaires, d\u2019analyser l\u2019emplacement des sc\u00e8nes et des \u00e9quipements de sonorisation, d\u2019anticiper les zones susceptibles d\u2019accueillir les plus fortes concentrations de personnes et de convenir de m\u00e9canismes de communication rapides permettant de r\u00e9soudre les incidents.<\/p>\n<p>Il est \u00e9galement possible d\u2019aborder des questions telles que la consommation responsable d\u2019alcool, le civisme, la production de d\u00e9chets et le comportement dans les espaces situ\u00e9s \u00e0 proximit\u00e9 des festivit\u00e9s.<\/p>\n<p>C\u2019est aussi cela, la m\u00e9diation communautaire : cr\u00e9er des espaces de communication avant que le d\u00e9saccord ne se transforme en conflit.<\/p>\n<p>C\u2019est pr\u00e9cis\u00e9ment de m\u00e9diation communautaire, de m\u00e9diation de voisinage et de l\u2019importance d\u2019intervenir avant que les conflits de cohabitation ne s\u2019enlisent que j\u2019ai r\u00e9cemment eu l\u2019occasion de parler dans un entretien publi\u00e9 par <strong>La Vanguardia<\/strong>.<\/p>\n<p>J\u2019y explique ce que nous entendons par m\u00e9diation communautaire et comment ce domaine de la m\u00e9diation permet d\u2019intervenir dans des conflits qui peuvent concerner une copropri\u00e9t\u00e9, un immeuble, plusieurs immeubles, une rue ou m\u00eame tout un quartier. Nous y abordons \u00e9galement certains des conflits de voisinage les plus fr\u00e9quents et l\u2019importance d\u2019essayer de r\u00e9tablir le dialogue avant que des ann\u00e9es de confrontation ne rendent beaucoup plus difficile la recherche d\u2019une solution.<\/p>\n<p>&nbsp;<\/p>\n<p><strong>Entretien dans La Vanguardia :<\/strong><\/p>\n<p><a href=\"https:\/\/www.lavanguardia.com\/vida\/vecinos\/20260521\/11543148\/daniel-sererols-mediador-vecinal-el-caso-mas-grave-que-recuerdo-es-el-de-una-familia-con-hijo-menor-enfermo-que-gritaba-golpeaba-paredes-por-las-noches-gvm.html\">Daniel Sererols, mediador vecinal: \u201cEl caso m\u00e1s grave que recuerdo es el de una familia con un hijo menor enfermo que gritaba y golpeaba las paredes por las noches\u201d<\/a><\/p>\n<p>&nbsp;<\/p>\n<p><strong>Une f\u00eate int\u00e9gr\u00e9e dans le quartier<\/strong><\/p>\n<p>Apr\u00e8s de nombreuses ann\u00e9es d\u2019engagement dans la vie du quartier de la pla\u00e7a de la Farga, je pense que c\u2019est pr\u00e9cis\u00e9ment dans cette direction qu\u2019il faut avancer.<\/p>\n<p>Les f\u00eates de quartier ne devraient pas \u00eatre v\u00e9cues comme quelque chose qui occupe le quartier pendant quelques jours, mais comme quelque chose qui fait partie du quartier.<\/p>\n<p>Pour y parvenir, le dialogue, la capacit\u00e9 d\u2019\u00e9coute et la volont\u00e9 d\u2019introduire des changements lorsque cela est n\u00e9cessaire sont essentiels.<\/p>\n<p>L\u2019exp\u00e9rience de ces derni\u00e8res ann\u00e9es montre qu\u2019il est possible d\u2019\u00e9voluer. C\u2019est pourquoi je souhaite \u00e0 nouveau saluer l\u2019attitude de la Comissi\u00f3 de Festes de la Pla\u00e7a de la Farga et, tout particuli\u00e8rement, celle de son pr\u00e9sident, Dani Catal\u00e0, dont la disponibilit\u00e9 au dialogue a contribu\u00e9 \u00e0 maintenir une relation constructive avec les habitants du quartier.<\/p>\n<p>Il reste toujours des aspects \u00e0 am\u00e9liorer. Le bruit, les horaires, l\u2019utilisation de l\u2019espace public, le civisme, les d\u00e9chets ou encore la consommation responsable d\u2019alcool continueront \u00e0 repr\u00e9senter des d\u00e9fis.<\/p>\n<p>Mais c\u2019est pr\u00e9cis\u00e9ment l\u00e0 que r\u00e9sident la valeur du dialogue et celle de la m\u00e9diation communautaire.<\/p>\n<p>La cohabitation ne signifie pas que certains doivent renoncer \u00e0 la f\u00eate ni que d\u2019autres doivent renoncer au repos. Elle consiste \u00e0 comprendre que nous partageons un m\u00eame espace et que les solutions les plus durables apparaissent lorsque nous sommes capables de dialoguer, d\u2019\u00e9couter et de rechercher des \u00e9quilibres.<\/p>\n<p>Aujourd\u2019hui s\u2019ach\u00e8ve la Festa Major de Sants 2026. Demain, la pla\u00e7a de la Farga retrouvera son activit\u00e9 quotidienne.<\/p>\n<p>Et c\u2019est peut-\u00eatre pr\u00e9cis\u00e9ment le meilleur indicateur d\u2019une f\u00eate de quartier r\u00e9ussie : lorsque la musique s\u2019arr\u00eate et que les sc\u00e8nes sont d\u00e9mont\u00e9es, la f\u00eate et les habitants peuvent continuer \u00e0 faire partie d\u2019une m\u00eame communaut\u00e9.<\/p>\n<p>&nbsp;<\/p>\n<p><strong>Pour en savoir plus sur la m\u00e9diation communautaire et la m\u00e9diation de voisinage<\/strong><\/p>\n<p>Pour approfondir les liens entre mouvement associatif de quartier, pr\u00e9vention des conflits, cohabitation et m\u00e9diation communautaire, vous pouvez \u00e9galement consulter mon article :<\/p>\n<p><strong>Mouvement de quartier et m\u00e9diation communautaire : construire une Barcelone meilleure par le dialogue<\/strong><\/p>\n<p>&nbsp;<\/p>\n<p><strong>Daniel Sererols Villal\u00f3n<\/strong><br \/>\nAvocat \u00b7 M\u00e9diateur de conflits \u00b7 Conciliateur priv\u00e9<br \/>\nM\u00e9diation communautaire et de voisinage \u00b7 Pr\u00e9vention et r\u00e9solution des conflits<br \/>\nBarcelone et Catalogne<\/p>\n<p>\ud83d\udcde 661 463 306<br \/>\n\ud83d\udce7 <a href=\"mailto:daniel@mediadorconflictos.com\">daniel@mediadorconflictos.com<\/a><br \/>\n\ud83c\udf10 <a href=\"http:\/\/www.mediadorconflictos.com\">www.mediadorconflictos.com<\/a><\/p>\n<p>&nbsp;<\/p>\n<p><a href=\"https:\/\/mediadorconflictos.com\/fr\/mediation-communautaire-fetes-de-quartier-et-cohabitation-de-voisinage\/festa-major-4-2\/\" rel=\"attachment wp-att-19483\"><img decoding=\"async\" class=\"alignnone size-full wp-image-19483\" src=\"https:\/\/mediadorconflictos.com\/wp-content\/uploads\/2026\/08\/FESTA-MAJOR-4-scaled.jpg\" alt=\"\" width=\"1920\" height=\"2560\" srcset=\"https:\/\/mediadorconflictos.com\/wp-content\/uploads\/2026\/08\/FESTA-MAJOR-4-scaled.jpg 1920w, https:\/\/mediadorconflictos.com\/wp-content\/uploads\/2026\/08\/FESTA-MAJOR-4-225x300.jpg 225w, https:\/\/mediadorconflictos.com\/wp-content\/uploads\/2026\/08\/FESTA-MAJOR-4-768x1024.jpg 768w, https:\/\/mediadorconflictos.com\/wp-content\/uploads\/2026\/08\/FESTA-MAJOR-4-1152x1536.jpg 1152w, https:\/\/mediadorconflictos.com\/wp-content\/uploads\/2026\/08\/FESTA-MAJOR-4-1536x2048.jpg 1536w, https:\/\/mediadorconflictos.com\/wp-content\/uploads\/2026\/08\/FESTA-MAJOR-4-600x800.jpg 600w, https:\/\/mediadorconflictos.com\/wp-content\/uploads\/2026\/08\/FESTA-MAJOR-4-700x933.jpg 700w\" sizes=\"(max-width: 1920px) 100vw, 1920px\" \/><\/a><\/p>\n","protected":false},"excerpt":{"rendered":"<p>M\u00e9diation communautaire, f\u00eates de quartier et cohabitation de voisinage : pr\u00e9venir les conflits par le dialogue Barcelone, le 29 ao\u00fbt 2026 &nbsp; &nbsp; Aujourd\u2019hui s\u2019ach\u00e8ve la Festa Major de Sants et, avec elle, la Festa Major de la pla\u00e7a de la Farga. C\u2019est un bon&#8230;<\/p>\n","protected":false},"author":3,"featured_media":19498,"comment_status":"closed","ping_status":"closed","sticky":false,"template":"","format":"standard","meta":{"footnotes":""},"categories":[78],"tags":[],"class_list":["post-19508","post","type-post","status-publish","format-standard","has-post-thumbnail","hentry","category-actualites"],"_links":{"self":[{"href":"https:\/\/mediadorconflictos.com\/fr\/wp-json\/wp\/v2\/posts\/19508","targetHints":{"allow":["GET"]}}],"collection":[{"href":"https:\/\/mediadorconflictos.com\/fr\/wp-json\/wp\/v2\/posts"}],"about":[{"href":"https:\/\/mediadorconflictos.com\/fr\/wp-json\/wp\/v2\/types\/post"}],"author":[{"embeddable":true,"href":"https:\/\/mediadorconflictos.com\/fr\/wp-json\/wp\/v2\/users\/3"}],"replies":[{"embeddable":true,"href":"https:\/\/mediadorconflictos.com\/fr\/wp-json\/wp\/v2\/comments?post=19508"}],"version-history":[{"count":2,"href":"https:\/\/mediadorconflictos.com\/fr\/wp-json\/wp\/v2\/posts\/19508\/revisions"}],"predecessor-version":[{"id":19510,"href":"https:\/\/mediadorconflictos.com\/fr\/wp-json\/wp\/v2\/posts\/19508\/revisions\/19510"}],"wp:featuredmedia":[{"embeddable":true,"href":"https:\/\/mediadorconflictos.com\/fr\/wp-json\/wp\/v2\/media\/19498"}],"wp:attachment":[{"href":"https:\/\/mediadorconflictos.com\/fr\/wp-json\/wp\/v2\/media?parent=19508"}],"wp:term":[{"taxonomy":"category","embeddable":true,"href":"https:\/\/mediadorconflictos.com\/fr\/wp-json\/wp\/v2\/categories?post=19508"},{"taxonomy":"post_tag","embeddable":true,"href":"https:\/\/mediadorconflictos.com\/fr\/wp-json\/wp\/v2\/tags?post=19508"}],"curies":[{"name":"wp","href":"https:\/\/api.w.org\/{rel}","templated":true}]}}