{"id":19514,"date":"2026-08-30T17:54:05","date_gmt":"2026-08-30T15:54:05","guid":{"rendered":"https:\/\/mediadorconflictos.com\/?p=19514"},"modified":"2026-08-30T19:06:54","modified_gmt":"2026-08-30T17:06:54","slug":"gemeinschaftsmediation-stadtteilfeste-und-nachbarschaftliches-zusammenleben","status":"publish","type":"post","link":"https:\/\/mediadorconflictos.com\/de\/gemeinschaftsmediation-stadtteilfeste-und-nachbarschaftliches-zusammenleben\/","title":{"rendered":"Gemeinschaftsmediation, Stadtteilfeste und nachbarschaftliches Zusammenleben"},"content":{"rendered":"<h3><strong>Gemeinschaftsmediation, Stadtteilfeste und nachbarschaftliches Zusammenleben: Konflikte durch Dialog vorbeugen<\/strong><\/h3>\n<p>Barcelona, 29. August 2026<\/p>\n<p>&nbsp;<\/p>\n<p><a href=\"https:\/\/mediadorconflictos.com\/de\/gemeinschaftsmediation-stadtteilfeste-und-nachbarschaftliches-zusammenleben\/festa-major-1-2\/\" rel=\"attachment wp-att-19469\"><img fetchpriority=\"high\" decoding=\"async\" class=\"alignnone  wp-image-19469\" src=\"https:\/\/mediadorconflictos.com\/wp-content\/uploads\/2026\/08\/FESTA-MAJOR-1.jpg\" alt=\"\" width=\"577\" height=\"429\" srcset=\"https:\/\/mediadorconflictos.com\/wp-content\/uploads\/2026\/08\/FESTA-MAJOR-1.jpg 1024w, https:\/\/mediadorconflictos.com\/wp-content\/uploads\/2026\/08\/FESTA-MAJOR-1-300x223.jpg 300w, https:\/\/mediadorconflictos.com\/wp-content\/uploads\/2026\/08\/FESTA-MAJOR-1-768x571.jpg 768w, https:\/\/mediadorconflictos.com\/wp-content\/uploads\/2026\/08\/FESTA-MAJOR-1-700x520.jpg 700w\" sizes=\"(max-width: 577px) 100vw, 577px\" \/><\/a><\/p>\n<p>&nbsp;<\/p>\n<p>Heute endet die Festa Major de Sants und damit auch die Festa Major de la pla\u00e7a de la Farga. Dies ist ein guter Zeitpunkt, um \u00fcber Stadtteilfeste, nachbarschaftliches Zusammenleben, Gemeinschaftsmediation und den \u00f6ffentlichen Raum zu sprechen, aber auch, um die Fortschritte anzuerkennen, die in den vergangenen Jahren erzielt wurden.<\/p>\n<p>Stadtteilfeste sind Teil der Identit\u00e4t unserer Viertel. Sie sind Orte der Begegnung, der Beteiligung und des Austauschs zwischen Menschen, die das ganze Jahr \u00fcber dieselben Stra\u00dfen und Pl\u00e4tze miteinander teilen. Hinter diesen Festen stehen au\u00dferdem viele Stunden ehrenamtlicher Arbeit von Menschen und Organisationen, die ihre Zeit und ihr Engagement daf\u00fcr einsetzen, sie m\u00f6glich zu machen.<\/p>\n<p>Ein Stadtteilfest findet jedoch in einem Raum statt, der gleichzeitig der Lebensraum vieler Menschen ist. Genau hier liegt eine der gro\u00dfen Herausforderungen f\u00fcr das nachbarschaftliche Zusammenleben: Wie l\u00e4sst sich das Recht, ein Fest zu genie\u00dfen, mit dem Recht der Anwohner auf Ruhe und einen normalen Alltag vereinbaren?<\/p>\n<p>Diese Interessen m\u00fcssen nicht zwangsl\u00e4ufig im Widerspruch zueinander stehen. Das Problem entsteht, wenn wir sie so behandeln, als w\u00e4ren sie unvereinbar.<\/p>\n<p>&nbsp;<\/p>\n<p><strong>Die Erfahrungen an der Pla\u00e7a de la Farga<\/strong><\/p>\n<p>Ich kenne diese Realit\u00e4t besonders gut, weil ich seit 2010 Gr\u00fcndungsmitglied der Associaci\u00f3 de Ve\u00efns i Ve\u00efnes de la Pla\u00e7a de la Farga bin und weil ein wesentlicher Teil meiner beruflichen T\u00e4tigkeit der Konfliktmediation und insbesondere der Gemeinschafts- und Nachbarschaftsmediation gewidmet ist.<\/p>\n<p>Diese doppelte Perspektive hat mir erm\u00f6glicht, \u00fcber viele Jahre hinweg zu beobachten, wie sich Konflikte des Zusammenlebens in unseren Stadtvierteln entwickeln.<\/p>\n<p>An der Pla\u00e7a de la Farga haben wir schwierigere Zeiten erlebt, aber auch Phasen, in denen erhebliche Fortschritte m\u00f6glich waren. Wenn ich die heutige Situation mit der vor einigen Jahren vergleiche, bin ich aufrichtig davon \u00fcberzeugt, dass die Entwicklung positiv ist.<\/p>\n<p>Dabei halte ich es f\u00fcr wichtig, die Rolle anzuerkennen, die die Comissi\u00f3 de Festes de la Pla\u00e7a de la Farga bei dieser Entwicklung gespielt hat.<\/p>\n<p>Besonders hervorheben m\u00f6chte ich die konstruktive Haltung ihres Pr\u00e4sidenten Dani Catal\u00e0 sowie die Arbeit aller Menschen, die sich in der Festkommission engagieren. Im Laufe der Zeit bestand eine erkennbare Bereitschaft zuzuh\u00f6ren, miteinander zu sprechen und nach L\u00f6sungen zu suchen, durch die sich das Fest in das Viertel integrieren l\u00e4sst, anstatt zu einem Grund f\u00fcr Auseinandersetzungen mit den Menschen zu werden, die hier leben.<\/p>\n<p>Nat\u00fcrlich gibt es immer Aspekte, die verbessert werden k\u00f6nnen. Es ist aber ebenso wichtig anzuerkennen, wenn sich die Dinge positiv entwickeln.<\/p>\n<p>&nbsp;<\/p>\n<p><strong>L\u00e4rm und Konflikte im nachbarschaftlichen Zusammenleben<\/strong><\/p>\n<p>Eine der h\u00e4ufigsten Konfliktursachen bei Festen im st\u00e4dtischen Raum ist der L\u00e4rm.<\/p>\n<p>Oft beschr\u00e4nkt sich die Diskussion auf die Frage, bis zu welcher Uhrzeit Musik gespielt werden darf oder welche Dezibelgrenze einzuhalten ist. Das sind wichtige Fragen, doch die Realit\u00e4t ist wesentlich komplexer.<\/p>\n<p>Wer in der N\u00e4he einer B\u00fchne wohnt, wei\u00df, dass nicht alle Frequenzen gleich wahrgenommen werden. Tiefe Frequenzen, Vibrationen und bestimmte Nachhalleffekte k\u00f6nnen Fassaden und Fenster durchdringen und innerhalb von Wohnungen wahrgenommen werden, selbst wenn eine allgemeine Schallmessung zun\u00e4chst angemessen erscheinen mag.<\/p>\n<p>Eine verantwortungsvolle Begrenzung der L\u00e4rmbelastung bedeutet deshalb mehr als nur die formale Einhaltung bestimmter Uhrzeiten. Auch die Ausrichtung und Leistung der Musikanlage, die tiefen Frequenzen, die Position der Lautsprecher und die konkreten Gegebenheiten des Umfelds m\u00fcssen ber\u00fccksichtigt werden.<\/p>\n<p>Ich halte es au\u00dferdem f\u00fcr sinnvoll, verst\u00e4rkte Musik an die tats\u00e4chlich geplanten Veranstaltungen zu koppeln. Wenn eine Veranstaltung beendet ist, muss nicht zwangsl\u00e4ufig weiterhin laute Hintergrundmusik gespielt werden, nur weil die Musikanlage noch aufgebaut ist.<\/p>\n<p>Solche Ver\u00e4nderungen k\u00f6nnen einen wichtigen Beitrag zum nachbarschaftlichen Zusammenleben leisten.<\/p>\n<p>&nbsp;<\/p>\n<p><strong>Von der Konfrontation zum Dialog: die Rolle der Gemeinschaftsmediation<\/strong><\/p>\n<p>Viele Jahre lang wurden Konflikte im Zusammenhang mit Stadtteilfesten und Nachtleben vielerorts aus gegens\u00e4tzlichen Positionen heraus betrachtet.<\/p>\n<p>Auf der einen Seite stehen diejenigen, die das Fest verteidigen. Auf der anderen diejenigen, die ihr Recht auf Ruhe einfordern.<\/p>\n<p>Eine solche Betrachtungsweise f\u00fchrt leicht zu einer Dynamik, in der jede Forderung nach einer Reduzierung des L\u00e4rms als Angriff auf das Fest verstanden wird und umgekehrt jede Festveranstaltung von Anwohnern als Beeintr\u00e4chtigung wahrgenommen werden kann.<\/p>\n<p>Die Gemeinschaftsmediation bietet einen anderen Ansatz f\u00fcr den Umgang mit solchen Situationen.<\/p>\n<p>Es geht nicht darum zu entscheiden, wer Recht hat. Es geht darum, die Bed\u00fcrfnisse der Beteiligten zu erkennen und L\u00f6sungen zu suchen, die es erm\u00f6glichen, berechtigte Interessen miteinander zu vereinbaren.<\/p>\n<p>Nach unseren Erfahrungen an der Pla\u00e7a de la Farga hat der Dialog zwischen der Comissi\u00f3 de Festes, der Associaci\u00f3 de Ve\u00efns i Ve\u00efnes und dem Districte de Sants-Montju\u00efc dazu beigetragen, schrittweise Verbesserungen einzuf\u00fchren und eine wesentlich konstruktivere Beziehung aufzubauen.<\/p>\n<p>Das bedeutet weder, dass alle Probleme gel\u00f6st sind, noch dass wir alle derselben Meinung sind. Es bedeutet etwas viel Wichtigeres: Wir k\u00f6nnen \u00fcber Probleme sprechen, ohne zu Gegnern zu werden.<\/p>\n<p>&nbsp;<\/p>\n<p><strong>Eine weitere Debatte f\u00fcr die Zukunft: Stadtteilfeste und Alkoholkonsum<\/strong><\/p>\n<p>Es gibt einen weiteren Aspekt, der meiner Meinung nach Teil dieser Diskussion sein sollte und der weit \u00fcber die Pla\u00e7a de la Farga, Sants oder sogar Barcelona hinausgeht.<\/p>\n<p>Ich meine den Alkoholkonsum im Zusammenhang mit Stadtteilfesten und insbesondere den Konsum von Alkohol im \u00f6ffentlichen Raum.<\/p>\n<p>Ich betrachte dieses Thema nicht aus einer prohibitionistischen Perspektive. Ebenso wenig glaube ich, dass sich die Diskussion lediglich auf die Frage beschr\u00e4nken sollte, ob Alkohol verkauft werden darf oder nicht. Die eigentliche Frage lautet: In welchem Ma\u00dfe haben wir uns daran gew\u00f6hnt, dass Feiern, Unterhaltung, Nachtleben und Alkoholkonsum zwangsl\u00e4ufig miteinander verbunden sein m\u00fcssen?<\/p>\n<p>Auch hier besteht m\u00f6glicherweise erhebliches Verbesserungspotenzial.<\/p>\n<p>Einige der schwerwiegendsten Folgen eines unverantwortlichen Alkoholkonsums sind allgemein bekannt, insbesondere wenn anschlie\u00dfend ein Fahrzeug gef\u00fchrt, eine Maschine bedient oder eine T\u00e4tigkeit ausge\u00fcbt wird, die Aufmerksamkeit und Verantwortungsbewusstsein erfordert.<\/p>\n<p>Es gibt jedoch auch eine viel allt\u00e4glichere Folge, die das Zusammenleben in unseren Stadtvierteln unmittelbar beeintr\u00e4chtigt und die diejenigen von uns, die in der N\u00e4he von Veranstaltungsorten leben, sehr gut kennen.<\/p>\n<p>\u00dcberm\u00e4\u00dfiger Alkoholkonsum kann zu Erbrechen, \u00fcbelriechendem Urin auf Stra\u00dfen, an Fassaden und in Hauseing\u00e4ngen, zu Geschrei, Missachtung von Regeln, r\u00fccksichtslosem Verhalten und Situationen der Unordnung f\u00fchren, die sich zudem \u00fcber den eigentlichen Veranstaltungsbereich hinaus ausbreiten.<\/p>\n<p>Hinzu kommt eine betr\u00e4chtliche und sehr sichtbare Menge an Abf\u00e4llen, die am Tag nach dem Fest regelm\u00e4\u00dfig in den umliegenden Stra\u00dfen und Bereichen verstreut liegt: Dosen, Flaschen, Plastikbecher und andere Verpackungen, die auf Gehwegen, in Hauseing\u00e4ngen, an Baumscheiben und in anderen Bereichen des \u00f6ffentlichen Raums zur\u00fcckgelassen werden.<\/p>\n<p>Ein weiterer Punkt sollte ebenfalls nicht au\u00dfer Acht gelassen werden: die \u00f6ffentlichen Ressourcen, die anschlie\u00dfend f\u00fcr die Reinigung und Wiederherstellung dieser Bereiche eingesetzt werden m\u00fcssen. Reinigungskr\u00e4fte, Fahrzeuge, Wasser und weitere Mittel sind erforderlich, damit die Stra\u00dfen bereits wenige Stunden sp\u00e4ter wieder in einen angemessenen Zustand versetzt werden k\u00f6nnen.<\/p>\n<p>Dies ist besonders auff\u00e4llig, weil die Organisatoren der Stadtteilfeste und die \u00f6ffentlichen Verwaltungen in der Regel Ma\u00dfnahmen vorsehen, um diese Beeintr\u00e4chtigungen zu reduzieren, darunter die Bereitstellung \u00f6ffentlicher Toiletten. Trotzdem finden sich weiterhin Urinspuren auf Stra\u00dfen, an Fassaden und in Hauseing\u00e4ngen sowie Abf\u00e4lle au\u00dferhalb der daf\u00fcr vorgesehenen Beh\u00e4lter und Sammelstellen.<\/p>\n<p>Es gibt also etwas, das nicht ganz zusammenpasst und das genauer untersucht werden sollte. Warum verhalten sich manche Menschen weiterhin auf diese Weise, obwohl Toiletten und M\u00f6glichkeiten zur Abfallentsorgung vorhanden sind?<\/p>\n<p>Wahrscheinlich gibt es darauf keine einzige Erkl\u00e4rung. Ich halte es jedoch f\u00fcr falsch, dieses Problem vollst\u00e4ndig vom \u00fcberm\u00e4\u00dfigen Alkoholkonsum zu trennen. Wenn dieser Konsum zu einem Verlust der Selbstkontrolle f\u00fchrt, kann auch die Aufmerksamkeit gegen\u00fcber den elementarsten Regeln des Zusammenlebens und gegen\u00fcber den Folgen des eigenen Handelns f\u00fcr andere Menschen abnehmen.<\/p>\n<p>Deshalb sollte die Diskussion \u00fcber Alkohol bei Stadtteilfesten nicht ausschlie\u00dflich unter gesundheitlichen Gesichtspunkten oder im Hinblick auf die Verkehrssicherheit gef\u00fchrt werden. Es geht auch um R\u00fccksichtnahme, Zusammenleben, Sauberkeit, einen verantwortungsvollen Umgang mit dem \u00f6ffentlichen Raum und um den Einsatz von Ressourcen, die von uns allen finanziert werden.<\/p>\n<p>Dabei geht es nicht darum, alle Menschen zu kritisieren, die an einem Fest teilnehmen. Selbstverst\u00e4ndlich kann die gro\u00dfe Mehrheit feiern und gleichzeitig ihr Umfeld respektieren. Vielmehr sollten wir uns fragen, ob wir ein Modell verbessern k\u00f6nnen, in dem bestimmte Verhaltensweisen im Zusammenhang mit Festen und \u00fcberm\u00e4\u00dfigem Alkoholkonsum zunehmend als normal wahrgenommen werden.<\/p>\n<p>Ein Stadtteilfest kann au\u00dferordentlich lebendig, gemeinschaftlich und beliebt sein, ohne dass Alkohol zwangsl\u00e4ufig eine zentrale Rolle spielen muss und vor allem ohne dass die Anwohner am n\u00e4chsten Morgen die Folgen des r\u00fccksichtslosen Verhaltens eines Teils der Besucher tragen m\u00fcssen.<\/p>\n<p>&nbsp;<\/p>\n<p><strong>Gemeinschaftsmediation kann auch pr\u00e4ventiv wirken<\/strong><\/p>\n<p>Einer der Aspekte, die mich an der Gemeinschaftsmediation besonders interessieren, ist gerade ihr pr\u00e4ventives Potenzial.<\/p>\n<p>Wir sollten nicht immer warten, bis Anzeigen erstattet, die Guardia Urbana angerufen, Beschwerden wiederholt vorgebracht werden oder sich eine Konfrontation zwischen Anwohnern und Veranstaltern entwickelt.<\/p>\n<p>Gemeinschaftsmediation kann fr\u00fcher beginnen.<\/p>\n<p>Bereits vor einem Stadtteilfest k\u00f6nnen m\u00f6gliche Konfliktpunkte identifiziert, die Anwohner angeh\u00f6rt, die Bed\u00fcrfnisse der organisierenden Vereine und Initiativen ber\u00fccksichtigt, Veranstaltungszeiten \u00fcberpr\u00fcft sowie die Standorte von B\u00fchnen und Musikanlagen analysiert werden. Ebenso k\u00f6nnen Bereiche vorhergesehen werden, in denen gr\u00f6\u00dfere Menschenansammlungen entstehen k\u00f6nnten, und schnelle Kommunikationswege vereinbart werden, um auf Zwischenf\u00e4lle reagieren zu k\u00f6nnen.<\/p>\n<p>Auch Fragen wie ein verantwortungsvoller Umgang mit Alkohol, R\u00fccksichtnahme, Abfallvermeidung und das Verhalten in den angrenzenden Bereichen k\u00f6nnen einbezogen werden.<\/p>\n<p>Auch das ist Gemeinschaftsmediation: Kommunikationsr\u00e4ume zu schaffen, bevor aus unterschiedlichen Interessen ein Konflikt entsteht.<\/p>\n<p>\u00dcber Gemeinschaftsmediation, Nachbarschaftsmediation und die Bedeutung eines fr\u00fchzeitigen Eingreifens, bevor sich Konflikte des Zusammenlebens verfestigen, hatte ich vor Kurzem Gelegenheit, in einem Interview mit <strong>La Vanguardia<\/strong> zu sprechen.<\/p>\n<p>Darin erl\u00e4utere ich, was unter Gemeinschaftsmediation zu verstehen ist und wie diese Form der Mediation bei Konflikten eingesetzt werden kann, die eine Eigent\u00fcmergemeinschaft, ein Wohnhaus, mehrere Geb\u00e4ude, eine Stra\u00dfe oder sogar ein ganzes Stadtviertel betreffen. Wir sprechen auch \u00fcber einige der h\u00e4ufigsten Nachbarschaftskonflikte und dar\u00fcber, wie wichtig es ist, den Dialog wiederherzustellen, bevor jahrelange Auseinandersetzungen die Suche nach einer L\u00f6sung erheblich erschweren.<\/p>\n<p>&nbsp;<\/p>\n<p><strong>Interview in La Vanguardia:<\/strong><\/p>\n<p><a href=\"https:\/\/www.lavanguardia.com\/vida\/vecinos\/20260521\/11543148\/daniel-sererols-mediador-vecinal-el-caso-mas-grave-que-recuerdo-es-el-de-una-familia-con-hijo-menor-enfermo-que-gritaba-golpeaba-paredes-por-las-noches-gvm.html\">Daniel Sererols, mediador vecinal: \u201cEl caso m\u00e1s grave que recuerdo es el de una familia con un hijo menor enfermo que gritaba y golpeaba las paredes por las noches\u201d<\/a><\/p>\n<p>&nbsp;<\/p>\n<p><strong>Ein Fest, das Teil des Stadtviertels ist<\/strong><\/p>\n<p>Nach vielen Jahren des Engagements im nachbarschaftlichen Leben rund um die Pla\u00e7a de la Farga bin ich \u00fcberzeugt, dass genau dies der richtige Weg ist.<\/p>\n<p>Stadtteilfeste sollten nicht als etwas erlebt werden, das f\u00fcr einige Tage Besitz von einem Viertel ergreift, sondern als etwas, das Teil dieses Viertels ist.<\/p>\n<p>Daf\u00fcr sind Dialog, die Bereitschaft zuzuh\u00f6ren und die Offenheit f\u00fcr Ver\u00e4nderungen, wenn diese notwendig sind, von entscheidender Bedeutung.<\/p>\n<p>Die Erfahrungen der vergangenen Jahre zeigen, dass eine positive Entwicklung m\u00f6glich ist. Deshalb m\u00f6chte ich erneut die Haltung der Comissi\u00f3 de Festes de la Pla\u00e7a de la Farga und insbesondere ihres Pr\u00e4sidenten Dani Catal\u00e0 hervorheben. Seine Bereitschaft zum Dialog hat dazu beigetragen, eine konstruktive Beziehung mit dem nachbarschaftlichen Umfeld aufrechtzuerhalten.<\/p>\n<p>Nat\u00fcrlich gibt es weiterhin Dinge, die verbessert werden k\u00f6nnen. L\u00e4rm, Veranstaltungszeiten, die Nutzung des \u00f6ffentlichen Raums, R\u00fccksichtnahme, Abf\u00e4lle und ein verantwortungsvoller Umgang mit Alkohol werden uns auch k\u00fcnftig vor Herausforderungen stellen.<\/p>\n<p>Doch genau darin liegt der Wert des Dialogs und der Gemeinschaftsmediation.<\/p>\n<p>Zusammenleben bedeutet nicht, dass die einen auf das Feiern verzichten m\u00fcssen oder die anderen auf ihr Recht auf Ruhe. Es bedeutet zu verstehen, dass wir denselben Raum miteinander teilen und dass die dauerhaftesten L\u00f6sungen entstehen, wenn wir miteinander sprechen, einander zuh\u00f6ren und nach einem angemessenen Ausgleich suchen.<\/p>\n<p>Heute endet die Festa Major de Sants 2026. Morgen kehrt die Pla\u00e7a de la Farga wieder zu ihrem Alltag zur\u00fcck.<\/p>\n<p>Und vielleicht ist genau das der beste Ma\u00dfstab f\u00fcr ein gelungenes Stadtteilfest: Wenn die Musik verstummt und die B\u00fchnen abgebaut sind, k\u00f6nnen das Fest und die Menschen, die dort leben, weiterhin Teil derselben Gemeinschaft sein.<\/p>\n<p>&nbsp;<\/p>\n<p><strong>Mehr \u00fcber Gemeinschafts- und Nachbarschaftsmediation<\/strong><\/p>\n<p>Wenn Sie mehr \u00fcber den Zusammenhang zwischen Nachbarschaftsinitiativen, Konfliktpr\u00e4vention, Zusammenleben und Gemeinschaftsmediation erfahren m\u00f6chten, k\u00f6nnen Sie auch meinen Artikel lesen:<\/p>\n<p><strong>Nachbarschaftsbewegung und Gemeinschaftsmediation: durch Dialog ein besseres Barcelona gestalten<\/strong><\/p>\n<p>&nbsp;<\/p>\n<p><strong>Daniel Sererols Villal\u00f3n<\/strong><br \/>\nRechtsanwalt \u00b7 Konfliktmediator \u00b7 Privater Schlichter<br \/>\nGemeinschafts- und Nachbarschaftsmediation \u00b7 Konfliktpr\u00e4vention und Konfliktl\u00f6sung<br \/>\nBarcelona und Katalonien<\/p>\n<p>\ud83d\udcde +34 661 463 306<br \/>\n\ud83d\udce7 <a href=\"mailto:daniel@mediadorconflictos.com\">daniel@mediadorconflictos.com<\/a><br \/>\n\ud83c\udf10 <a href=\"http:\/\/www.mediadorconflictos.com\">www.mediadorconflictos.com<\/a><\/p>\n<p>&nbsp;<\/p>\n<p><strong>Deutschsprachige Mediation und Kontakt auf Deutsch<\/strong><\/p>\n<p><strong>Dr. Bertram M\u00fcller<\/strong><br \/>\nKonfliktmediator \u00b7 Barcelona und Deutschland<br \/>\nDeutschsprachiger Ansprechpartner f\u00fcr Mediation<\/p>\n<p>\ud83d\udcde +34 669 570 074<br \/>\n\ud83d\udce7 <a href=\"mailto:bertram@mediadorconflictos.com\">bertram@mediadorconflictos.com<\/a><\/p>\n<p>&nbsp;<\/p>\n<p><a href=\"https:\/\/mediadorconflictos.com\/de\/gemeinschaftsmediation-stadtteilfeste-und-nachbarschaftliches-zusammenleben\/festa-major-2-2\/\" rel=\"attachment wp-att-19474\"><img decoding=\"async\" class=\"alignnone  wp-image-19474\" src=\"https:\/\/mediadorconflictos.com\/wp-content\/uploads\/2026\/08\/FESTA-MAJOR-2.jpg\" alt=\"\" width=\"707\" height=\"943\" srcset=\"https:\/\/mediadorconflictos.com\/wp-content\/uploads\/2026\/08\/FESTA-MAJOR-2.jpg 1200w, https:\/\/mediadorconflictos.com\/wp-content\/uploads\/2026\/08\/FESTA-MAJOR-2-225x300.jpg 225w, https:\/\/mediadorconflictos.com\/wp-content\/uploads\/2026\/08\/FESTA-MAJOR-2-768x1024.jpg 768w, https:\/\/mediadorconflictos.com\/wp-content\/uploads\/2026\/08\/FESTA-MAJOR-2-1152x1536.jpg 1152w, https:\/\/mediadorconflictos.com\/wp-content\/uploads\/2026\/08\/FESTA-MAJOR-2-600x800.jpg 600w, https:\/\/mediadorconflictos.com\/wp-content\/uploads\/2026\/08\/FESTA-MAJOR-2-700x933.jpg 700w\" sizes=\"(max-width: 707px) 100vw, 707px\" \/><\/a><\/p>\n<p>&nbsp;<\/p>\n<p>&nbsp;<\/p>\n<p>&nbsp;<\/p>\n","protected":false},"excerpt":{"rendered":"<p>Gemeinschaftsmediation, Stadtteilfeste und nachbarschaftliches Zusammenleben: Konflikte durch Dialog vorbeugen Barcelona, 29. August 2026 &nbsp; &nbsp; Heute endet die Festa Major de Sants und damit auch die Festa Major de la pla\u00e7a de la Farga. Dies ist ein guter Zeitpunkt, um \u00fcber Stadtteilfeste, nachbarschaftliches Zusammenleben, Gemeinschaftsmediation&#8230;<\/p>\n","protected":false},"author":3,"featured_media":19499,"comment_status":"closed","ping_status":"closed","sticky":false,"template":"","format":"standard","meta":{"footnotes":""},"categories":[120],"tags":[],"class_list":["post-19514","post","type-post","status-publish","format-standard","has-post-thumbnail","hentry","category-neuigkeiten"],"_links":{"self":[{"href":"https:\/\/mediadorconflictos.com\/de\/wp-json\/wp\/v2\/posts\/19514","targetHints":{"allow":["GET"]}}],"collection":[{"href":"https:\/\/mediadorconflictos.com\/de\/wp-json\/wp\/v2\/posts"}],"about":[{"href":"https:\/\/mediadorconflictos.com\/de\/wp-json\/wp\/v2\/types\/post"}],"author":[{"embeddable":true,"href":"https:\/\/mediadorconflictos.com\/de\/wp-json\/wp\/v2\/users\/3"}],"replies":[{"embeddable":true,"href":"https:\/\/mediadorconflictos.com\/de\/wp-json\/wp\/v2\/comments?post=19514"}],"version-history":[{"count":2,"href":"https:\/\/mediadorconflictos.com\/de\/wp-json\/wp\/v2\/posts\/19514\/revisions"}],"predecessor-version":[{"id":19516,"href":"https:\/\/mediadorconflictos.com\/de\/wp-json\/wp\/v2\/posts\/19514\/revisions\/19516"}],"wp:featuredmedia":[{"embeddable":true,"href":"https:\/\/mediadorconflictos.com\/de\/wp-json\/wp\/v2\/media\/19499"}],"wp:attachment":[{"href":"https:\/\/mediadorconflictos.com\/de\/wp-json\/wp\/v2\/media?parent=19514"}],"wp:term":[{"taxonomy":"category","embeddable":true,"href":"https:\/\/mediadorconflictos.com\/de\/wp-json\/wp\/v2\/categories?post=19514"},{"taxonomy":"post_tag","embeddable":true,"href":"https:\/\/mediadorconflictos.com\/de\/wp-json\/wp\/v2\/tags?post=19514"}],"curies":[{"name":"wp","href":"https:\/\/api.w.org\/{rel}","templated":true}]}}