{"id":19504,"date":"2026-08-30T17:54:05","date_gmt":"2026-08-30T15:54:05","guid":{"rendered":"https:\/\/mediadorconflictos.com\/?p=19504"},"modified":"2026-08-30T18:26:28","modified_gmt":"2026-08-30T16:26:28","slug":"mediacio-comunitaria-festes-majors-i-convivencia-veinal","status":"publish","type":"post","link":"https:\/\/mediadorconflictos.com\/ca\/mediacio-comunitaria-festes-majors-i-convivencia-veinal\/","title":{"rendered":"Mediaci\u00f3 comunit\u00e0ria, festes majors i conviv\u00e8ncia ve\u00efnal"},"content":{"rendered":"<h3><strong>Mediaci\u00f3 comunit\u00e0ria, festes majors i conviv\u00e8ncia ve\u00efnal: prevenir conflictes des del di\u00e0leg<\/strong><\/h3>\n<p>Barcelona, 29 d\u2019agost de 2026<\/p>\n<p>&nbsp;<\/p>\n<p><a href=\"https:\/\/mediadorconflictos.com\/ca\/mediacio-comunitaria-festes-majors-i-convivencia-veinal\/festa-major-1-2\/\" rel=\"attachment wp-att-19466\"><img fetchpriority=\"high\" decoding=\"async\" class=\"alignnone  wp-image-19466\" src=\"https:\/\/mediadorconflictos.com\/wp-content\/uploads\/2026\/08\/FESTA-MAJOR-1.jpg\" alt=\"\" width=\"542\" height=\"403\" srcset=\"https:\/\/mediadorconflictos.com\/wp-content\/uploads\/2026\/08\/FESTA-MAJOR-1.jpg 1024w, https:\/\/mediadorconflictos.com\/wp-content\/uploads\/2026\/08\/FESTA-MAJOR-1-300x223.jpg 300w, https:\/\/mediadorconflictos.com\/wp-content\/uploads\/2026\/08\/FESTA-MAJOR-1-768x571.jpg 768w, https:\/\/mediadorconflictos.com\/wp-content\/uploads\/2026\/08\/FESTA-MAJOR-1-700x520.jpg 700w\" sizes=\"(max-width: 542px) 100vw, 542px\" \/><\/a><\/p>\n<p>&nbsp;<\/p>\n<p>Avui acaba la Festa Major de Sants i, amb ella, tamb\u00e9 la Festa Major de la pla\u00e7a de la Farga. \u00c9s un bon moment per parlar de festes majors, conviv\u00e8ncia ve\u00efnal, mediaci\u00f3 comunit\u00e0ria i espai p\u00fablic, per\u00f2 tamb\u00e9 per posar en valor tot el que s\u2019ha avan\u00e7at durant aquests darrers anys.<\/p>\n<p>Les festes majors formen part de la identitat dels nostres barris. S\u00f3n espais de trobada, de participaci\u00f3 i de relaci\u00f3 entre persones que comparteixen uns carrers i unes places durant tot l\u2019any. Al darrere tamb\u00e9 hi ha moltes hores de feina volunt\u00e0ria de persones i entitats que dediquen temps i esfor\u00e7 a fer-les possibles.<\/p>\n<p>Per\u00f2 una festa major se celebra en un espai que continua sent, al mateix temps, el lloc on viu molta gent. I aqu\u00ed apareix un dels grans reptes des del punt de vista de la conviv\u00e8ncia ve\u00efnal: com fer compatible el dret a gaudir de la festa amb el dret al descans i a la vida quotidiana del ve\u00efnat.<\/p>\n<p>No s\u00f3n interessos necess\u00e0riament incompatibles. El problema apareix quan els plantegem com si ho fossin.<\/p>\n<p>&nbsp;<\/p>\n<p><strong>L\u2019experi\u00e8ncia de la pla\u00e7a de la Farga<\/strong><\/p>\n<p>Conec especialment b\u00e9 aquesta realitat perqu\u00e8 soc membre fundador, des de l\u2019any 2010, de l\u2019Associaci\u00f3 de Ve\u00efns i Ve\u00efnes de la Pla\u00e7a de la Farga i perqu\u00e8, professionalment, una part important de la meva activitat est\u00e0 dedicada a la mediaci\u00f3 de conflictes i, molt especialment, a la mediaci\u00f3 comunit\u00e0ria i ve\u00efnal.<\/p>\n<p>Aquesta doble perspectiva m\u2019ha perm\u00e8s observar durant anys com evolucionen els conflictes de conviv\u00e8ncia als nostres barris.<\/p>\n<p>A la pla\u00e7a de la Farga hem viscut moments de m\u00e9s dificultat i d\u2019altres en qu\u00e8 ha estat possible avan\u00e7ar significativament. Si comparo la situaci\u00f3 actual amb la d\u2019anys enrere, crec sincerament que l\u2019evoluci\u00f3 ha estat positiva.<\/p>\n<p>I considero important recon\u00e8ixer el paper que ha tingut en aquesta evoluci\u00f3 la Comissi\u00f3 de Festes de la Pla\u00e7a de la Farga.<\/p>\n<p>Especialment vull destacar el tarann\u00e0 constructiu del seu president, Dani Catal\u00e0, aix\u00ed com la feina del conjunt de persones que formen part de la comissi\u00f3. Al llarg del temps hi ha hagut una voluntat d\u2019escoltar, parlar i buscar f\u00f3rmules que permetin integrar la festa al barri en lloc de convertir-la en un element de confrontaci\u00f3 amb els qui hi vivim.<\/p>\n<p>Naturalment, sempre hi ha aspectes que es poden millorar. Per\u00f2 tamb\u00e9 \u00e9s just recon\u00e8ixer quan les coses evolucionen positivament.<\/p>\n<p>&nbsp;<\/p>\n<p><strong>El soroll i els conflictes de conviv\u00e8ncia ve\u00efnal<\/strong><\/p>\n<p>Un dels principals focus de conflicte en les festes que es desenvolupen en espais urbans \u00e9s el soroll.<\/p>\n<p>Sovint el debat es redueix a determinar fins a quina hora hi pot haver m\u00fasica o quin \u00e9s el l\u00edmit de decibels perm\u00e8s. S\u00f3n q\u00fcestions importants, per\u00f2 la realitat \u00e9s for\u00e7a m\u00e9s complexa.<\/p>\n<p>Els qui viuen al voltant d\u2019un escenari saben que no totes les freq\u00fc\u00e8ncies es perceben de la mateixa manera. Els greus, les vibracions i determinades reverberacions poden travessar fa\u00e7anes i finestres i sentir-se dins dels habitatges fins i tot quan una mesura general podria semblar raonable.<\/p>\n<p>Per aix\u00f2, gestionar adequadament l\u2019impacte ac\u00fastic exigeix alguna cosa m\u00e9s que complir formalment un horari. Tamb\u00e9 implica pensar en l\u2019orientaci\u00f3 dels equips, la pot\u00e8ncia, els greus, la ubicaci\u00f3 dels altaveus i les caracter\u00edstiques concretes de l\u2019entorn.<\/p>\n<p>Tamb\u00e9 crec que t\u00e9 sentit que la m\u00fasica amplificada estigui vinculada a les activitats programades. Quan acaba una activitat no sempre \u00e9s necessari mantenir m\u00fasica de fons a un volum elevat simplement perqu\u00e8 l\u2019equip de so continua instal\u00b7lat.<\/p>\n<p>S\u00f3n canvis que poden tenir una incid\u00e8ncia important en la conviv\u00e8ncia ve\u00efnal.<\/p>\n<p>&nbsp;<\/p>\n<p><strong>De la confrontaci\u00f3 al di\u00e0leg: el paper de la mediaci\u00f3 comunit\u00e0ria<\/strong><\/p>\n<p>Durant anys, en molts llocs, els conflictes relacionats amb festes majors i oci nocturn s\u2019han plantejat des de posicions enfrontades.<\/p>\n<p>D\u2019una banda, els qui defensen la festa. De l\u2019altra, els qui reclamen descans.<\/p>\n<p>Aquesta manera de plantejar el problema condueix f\u00e0cilment a una din\u00e0mica en qu\u00e8 qualsevol petici\u00f3 de reducci\u00f3 del soroll s\u2019interpreta com un atac a la festa i qualsevol activitat festiva com una agressi\u00f3 al ve\u00efnat.<\/p>\n<p>La mediaci\u00f3 comunit\u00e0ria proposa una altra manera d\u2019abordar aquestes situacions.<\/p>\n<p>No es tracta de decidir qui t\u00e9 ra\u00f3, sin\u00f3 d\u2019identificar qu\u00e8 necessita cada part i buscar solucions que permetin compatibilitzar interessos leg\u00edtims.<\/p>\n<p>En la nostra experi\u00e8ncia a la pla\u00e7a de la Farga, el di\u00e0leg entre la Comissi\u00f3 de Festes, l\u2019Associaci\u00f3 de Ve\u00efns i Ve\u00efnes i el Districte de Sants-Montju\u00efc ha perm\u00e8s anar introduint millores i generar una relaci\u00f3 molt m\u00e9s constructiva.<\/p>\n<p>No significa que tots els problemes estiguin resolts ni que tots pensem igual. Significa una cosa molt m\u00e9s \u00fatil: que podem parlar dels problemes sense convertir-nos en adversaris.<\/p>\n<p>&nbsp;<\/p>\n<p><strong>Un altre debat de futur: festes majors i consum d\u2019alcohol<\/strong><\/p>\n<p>Hi ha un altre aspecte que crec que mereix formar part d\u2019aquesta conversa i que va molt m\u00e9s enll\u00e0 de la pla\u00e7a de la Farga, de Sants o fins i tot de Barcelona.<\/p>\n<p>Em refereixo al consum d\u2019alcohol associat a les festes majors i, especialment, al seu consum a l\u2019espai p\u00fablic.<\/p>\n<p>No plantejo aquesta q\u00fcesti\u00f3 des d\u2019una posici\u00f3 prohibicionista. Tampoc crec que el debat s\u2019hagi de reduir simplement a decidir si es ven alcohol o no. La q\u00fcesti\u00f3 de fons \u00e9s una altra: fins a quin punt hem normalitzat que festa, diversi\u00f3, nit i consum d\u2019alcohol hagin d\u2019anar necess\u00e0riament units.<\/p>\n<p>Potser tamb\u00e9 aqu\u00ed hi ha un recorregut important de millora.<\/p>\n<p>Coneixem perfectament algunes de les conseq\u00fc\u00e8ncies m\u00e9s greus d\u2019un consum irresponsable d\u2019alcohol, especialment quan despr\u00e9s es condueix un vehicle, es manipula maquin\u00e0ria o es fan activitats que requereixen atenci\u00f3 i responsabilitat.<\/p>\n<p>Per\u00f2 hi ha una altra conseq\u00fc\u00e8ncia molt m\u00e9s quotidiana que afecta directament la conviv\u00e8ncia als barris i que els qui vivim a prop de zones de celebraci\u00f3 coneixem perfectament.<\/p>\n<p>El consum excessiu d\u2019alcohol es pot traduir en v\u00f2mits, orins pestilents en carrers, fa\u00e7anes i portals, crits, incompliment de normes, comportaments inc\u00edvics i situacions de desordre que, a m\u00e9s, es prolonguen fora del mateix espai on se celebra la festa.<\/p>\n<p>A aix\u00f2 s\u2019hi afegeix una quantitat considerable i molt visible de residus que habitualment queden escampats pels carrers i espais dels voltants l\u2019endem\u00e0 de la festa: llaunes, ampolles, gots de pl\u00e0stic i altres envasos que apareixen abandonats a voreres, portals, escocells i altres racons de l\u2019espai p\u00fablic.<\/p>\n<p>I hi ha una altra q\u00fcesti\u00f3 que tampoc haur\u00edem de passar per alt: la quantitat de recursos p\u00fablics que posteriorment s\u2019han de destinar a netejar i recuperar aquests espais. Serveis de neteja, personal, vehicles, aigua i altres mitjans que s\u00f3n necessaris perqu\u00e8, poques hores despr\u00e9s, els carrers puguin tornar a unes condicions raonables.<\/p>\n<p>Resulta especialment cridaner perqu\u00e8 les organitzacions de les festes majors i les administracions acostumen a preveure mesures per reduir aquestes afectacions, entre les quals hi ha la instal\u00b7laci\u00f3 de lavabos p\u00fablics. Tanmateix, continuen apareixent orins en carrers, fa\u00e7anes i portals i residus abandonats fora dels llocs habilitats per dipositar-los.<\/p>\n<p>Hi ha, per tant, alguna cosa que no acaba de quadrar i que seria interessant analitzar. Per qu\u00e8, disposant de lavabos i de mitjans per dipositar els residus, una part de les persones continua actuant d\u2019aquesta manera?<\/p>\n<p>Probablement no hi hagi una \u00fanica explicaci\u00f3, per\u00f2 crec que seria un error separar completament aquesta q\u00fcesti\u00f3 del consum excessiu d\u2019alcohol. Quan aquest consum provoca una p\u00e8rdua d\u2019autocontrol, tamb\u00e9 pot disminuir l\u2019atenci\u00f3 envers les normes m\u00e9s elementals de conviv\u00e8ncia i envers les conseq\u00fc\u00e8ncies que els nostres actes tenen per als altres.<\/p>\n<p>Per aix\u00f2, el debat sobre l\u2019alcohol a les festes majors no s\u2019hauria de plantejar \u00fanicament des de la salut o la seguretat vi\u00e0ria. Tamb\u00e9 t\u00e9 una dimensi\u00f3 de civisme, conviv\u00e8ncia, neteja, \u00fas responsable de l\u2019espai p\u00fablic i utilitzaci\u00f3 de recursos que paguem entre tots.<\/p>\n<p>No es tracta de culpabilitzar el conjunt de les persones que participen en una festa, perqu\u00e8 evidentment la immensa majoria pot gaudir-ne respectant perfectament el seu entorn. Es tracta de preguntar-nos si podem millorar un model en qu\u00e8 determinades conductes associades a la festa i al consum excessiu d\u2019alcohol semblen haver-se normalitzat.<\/p>\n<p>Una festa major pot ser extraordin\u00e0riament participativa, divertida i popular sense que l\u2019alcohol hagi d\u2019ocupar necess\u00e0riament un paper central i, sobretot, sense que els qui viuen als voltants hagin d\u2019assumir l\u2019endem\u00e0 les conseq\u00fc\u00e8ncies del comportament inc\u00edvic d\u2019una part dels qui hi han participat.<\/p>\n<p>&nbsp;<\/p>\n<p><strong>La mediaci\u00f3 comunit\u00e0ria tamb\u00e9 pot ser preventiva<\/strong><\/p>\n<p>Un dels aspectes que m\u00e9s m\u2019interessen de la mediaci\u00f3 comunit\u00e0ria \u00e9s precisament la seva capacitat preventiva.<\/p>\n<p>No haur\u00edem d\u2019esperar sempre que apareguin les den\u00fancies, les trucades a la Gu\u00e0rdia Urbana, les queixes reiterades o l\u2019enfrontament entre ve\u00efns i organitzadors.<\/p>\n<p>La mediaci\u00f3 comunit\u00e0ria pot comen\u00e7ar abans.<\/p>\n<p>Abans d\u2019una festa major es poden identificar els possibles punts de conflicte, escoltar el ve\u00efnat, con\u00e8ixer les necessitats de les entitats organitzadores, revisar horaris, analitzar la ubicaci\u00f3 d\u2019escenaris i equips de so, preveure les zones on es poden produir concentracions m\u00e9s grans de persones i acordar mecanismes r\u00e0pids de comunicaci\u00f3 per resoldre incid\u00e8ncies.<\/p>\n<p>Tamb\u00e9 es poden abordar q\u00fcestions com el consum responsable d\u2019alcohol, el civisme, la generaci\u00f3 de residus i el comportament als espais propers a la celebraci\u00f3.<\/p>\n<p>Aix\u00f2 tamb\u00e9 \u00e9s mediaci\u00f3 comunit\u00e0ria: crear espais de comunicaci\u00f3 abans que el desacord es converteixi en conflicte.<\/p>\n<p>Precisament sobre la mediaci\u00f3 comunit\u00e0ria, la mediaci\u00f3 ve\u00efnal i la import\u00e0ncia d\u2019intervenir abans que els conflictes de conviv\u00e8ncia s\u2019enquistin vaig tenir l\u2019oportunitat de parlar recentment en una entrevista publicada per <strong>La Vanguardia<\/strong>.<\/p>\n<p>En aquesta entrevista explico qu\u00e8 entenem per mediaci\u00f3 comunit\u00e0ria i com aquest \u00e0mbit de la mediaci\u00f3 permet intervenir en conflictes que poden afectar una comunitat de propietaris, un edifici, diversos blocs, un carrer o fins i tot un barri. Tamb\u00e9 hi abordem alguns dels conflictes ve\u00efnals m\u00e9s habituals i la import\u00e0ncia d\u2019intentar recuperar el di\u00e0leg abans que anys d\u2019enfrontament facin molt m\u00e9s dif\u00edcil trobar una soluci\u00f3.<\/p>\n<p>&nbsp;<\/p>\n<p><strong>Entrevista a La Vanguardia:<\/strong><\/p>\n<p><a href=\"https:\/\/www.lavanguardia.com\/vida\/vecinos\/20260521\/11543148\/daniel-sererols-mediador-vecinal-el-caso-mas-grave-que-recuerdo-es-el-de-una-familia-con-hijo-menor-enfermo-que-gritaba-golpeaba-paredes-por-las-noches-gvm.html\">Daniel Sererols, mediador vecinal: \u201cEl caso m\u00e1s grave que recuerdo es el de una familia con un hijo menor enfermo que gritaba y golpeaba las paredes por las noches\u201d<\/a><\/p>\n<p>&nbsp;<\/p>\n<p><strong>Una festa integrada al barri<\/strong><\/p>\n<p>Despr\u00e9s de molts anys vinculat a la vida ve\u00efnal de la pla\u00e7a de la Farga, crec que el cam\u00ed ha de ser precisament aquest.<\/p>\n<p>Les festes majors no s\u2019haurien de viure com una cosa que durant uns dies ocupa el barri, sin\u00f3 com una cosa que forma part del barri.<\/p>\n<p>I per aconseguir-ho s\u00f3n fonamentals el di\u00e0leg, la capacitat d\u2019escoltar i la voluntat d\u2019introduir canvis quan s\u00f3n necessaris.<\/p>\n<p>L\u2019experi\u00e8ncia d\u2019aquests anys demostra que \u00e9s possible evolucionar. Per aix\u00f2 vull recon\u00e8ixer novament l\u2019actitud de la Comissi\u00f3 de Festes de la Pla\u00e7a de la Farga i, especialment, la del seu president, Dani Catal\u00e0, la disposici\u00f3 del qual al di\u00e0leg ha contribu\u00eft a mantenir una relaci\u00f3 constructiva amb l\u2019entorn ve\u00efnal.<\/p>\n<p>Queden coses per millorar, com sempre. El soroll, els horaris, l\u2019\u00fas de l\u2019espai p\u00fablic, el civisme, els residus o el consum responsable d\u2019alcohol continuaran plantejant reptes.<\/p>\n<p>Per\u00f2 precisament aqu\u00ed rau el valor del di\u00e0leg i de la mediaci\u00f3 comunit\u00e0ria.<\/p>\n<p>La conviv\u00e8ncia no consisteix que uns renunci\u00efn a la festa ni que els altres hagin de renunciar al descans. Consisteix a entendre que compartim un mateix espai i que les solucions m\u00e9s duradores apareixen quan som capa\u00e7os de parlar, escoltar i buscar equilibris.<\/p>\n<p>Avui acaba la Festa Major de Sants 2026. Dem\u00e0 la pla\u00e7a de la Farga tornar\u00e0 a la seva activitat quotidiana.<\/p>\n<p>I potser aquest \u00e9s precisament el millor indicador d\u2019una bona festa major: que, quan acaba la m\u00fasica i es desmunten els escenaris, festa i ve\u00efnat puguin continuar formant part d\u2019una mateixa comunitat.<\/p>\n<p>&nbsp;<\/p>\n<p><strong>M\u00e9s sobre mediaci\u00f3 comunit\u00e0ria i conviv\u00e8ncia ve\u00efnal<\/strong><\/p>\n<p>Per aprofundir en la relaci\u00f3 entre moviment ve\u00efnal, prevenci\u00f3 de conflictes, conviv\u00e8ncia i mediaci\u00f3 comunit\u00e0ria, podeu consultar tamb\u00e9 el meu article:<\/p>\n<p><strong>Moviment ve\u00efnal i mediaci\u00f3 comunit\u00e0ria: construint una Barcelona millor des del di\u00e0leg<\/strong><\/p>\n<p>&nbsp;<\/p>\n<p><strong>Daniel Sererols Villal\u00f3n<\/strong><br \/>\nAdvocat \u00b7 Mediador de conflictes \u00b7 Conciliador privat<br \/>\nMediaci\u00f3 comunit\u00e0ria i ve\u00efnal \u00b7 Prevenci\u00f3 i resoluci\u00f3 de conflictes<br \/>\nBarcelona i Catalunya<\/p>\n<p>\ud83d\udcde 661 463 306<br \/>\n\ud83d\udce7 <a href=\"mailto:daniel@mediadorconflictos.com\">daniel@mediadorconflictos.com<\/a><br \/>\n\ud83c\udf10 <a href=\"http:\/\/www.mediadorconflictos.com\">www.mediadorconflictos.com<\/a><\/p>\n<p>&nbsp;<\/p>\n<p><a href=\"https:\/\/mediadorconflictos.com\/ca\/mediacio-comunitaria-festes-majors-i-convivencia-veinal\/festa-major-4-2\/\" rel=\"attachment wp-att-19481\"><img decoding=\"async\" class=\"alignnone size-full wp-image-19481\" src=\"https:\/\/mediadorconflictos.com\/wp-content\/uploads\/2026\/08\/FESTA-MAJOR-4-scaled.jpg\" alt=\"\" width=\"1920\" height=\"2560\" srcset=\"https:\/\/mediadorconflictos.com\/wp-content\/uploads\/2026\/08\/FESTA-MAJOR-4-scaled.jpg 1920w, https:\/\/mediadorconflictos.com\/wp-content\/uploads\/2026\/08\/FESTA-MAJOR-4-225x300.jpg 225w, https:\/\/mediadorconflictos.com\/wp-content\/uploads\/2026\/08\/FESTA-MAJOR-4-768x1024.jpg 768w, https:\/\/mediadorconflictos.com\/wp-content\/uploads\/2026\/08\/FESTA-MAJOR-4-1152x1536.jpg 1152w, https:\/\/mediadorconflictos.com\/wp-content\/uploads\/2026\/08\/FESTA-MAJOR-4-1536x2048.jpg 1536w, https:\/\/mediadorconflictos.com\/wp-content\/uploads\/2026\/08\/FESTA-MAJOR-4-600x800.jpg 600w, https:\/\/mediadorconflictos.com\/wp-content\/uploads\/2026\/08\/FESTA-MAJOR-4-700x933.jpg 700w\" sizes=\"(max-width: 1920px) 100vw, 1920px\" \/><\/a><\/p>\n","protected":false},"excerpt":{"rendered":"<p>Mediaci\u00f3 comunit\u00e0ria, festes majors i conviv\u00e8ncia ve\u00efnal: prevenir conflictes des del di\u00e0leg Barcelona, 29 d\u2019agost de 2026 &nbsp; &nbsp; Avui acaba la Festa Major de Sants i, amb ella, tamb\u00e9 la Festa Major de la pla\u00e7a de la Farga. \u00c9s un bon moment per parlar&#8230;<\/p>\n","protected":false},"author":3,"featured_media":19496,"comment_status":"closed","ping_status":"closed","sticky":false,"template":"","format":"standard","meta":{"footnotes":""},"categories":[58],"tags":[],"class_list":["post-19504","post","type-post","status-publish","format-standard","has-post-thumbnail","hentry","category-actualitat"],"_links":{"self":[{"href":"https:\/\/mediadorconflictos.com\/ca\/wp-json\/wp\/v2\/posts\/19504","targetHints":{"allow":["GET"]}}],"collection":[{"href":"https:\/\/mediadorconflictos.com\/ca\/wp-json\/wp\/v2\/posts"}],"about":[{"href":"https:\/\/mediadorconflictos.com\/ca\/wp-json\/wp\/v2\/types\/post"}],"author":[{"embeddable":true,"href":"https:\/\/mediadorconflictos.com\/ca\/wp-json\/wp\/v2\/users\/3"}],"replies":[{"embeddable":true,"href":"https:\/\/mediadorconflictos.com\/ca\/wp-json\/wp\/v2\/comments?post=19504"}],"version-history":[{"count":2,"href":"https:\/\/mediadorconflictos.com\/ca\/wp-json\/wp\/v2\/posts\/19504\/revisions"}],"predecessor-version":[{"id":19506,"href":"https:\/\/mediadorconflictos.com\/ca\/wp-json\/wp\/v2\/posts\/19504\/revisions\/19506"}],"wp:featuredmedia":[{"embeddable":true,"href":"https:\/\/mediadorconflictos.com\/ca\/wp-json\/wp\/v2\/media\/19496"}],"wp:attachment":[{"href":"https:\/\/mediadorconflictos.com\/ca\/wp-json\/wp\/v2\/media?parent=19504"}],"wp:term":[{"taxonomy":"category","embeddable":true,"href":"https:\/\/mediadorconflictos.com\/ca\/wp-json\/wp\/v2\/categories?post=19504"},{"taxonomy":"post_tag","embeddable":true,"href":"https:\/\/mediadorconflictos.com\/ca\/wp-json\/wp\/v2\/tags?post=19504"}],"curies":[{"name":"wp","href":"https:\/\/api.w.org\/{rel}","templated":true}]}}