{"id":18104,"date":"2026-02-28T16:37:22","date_gmt":"2026-02-28T15:37:22","guid":{"rendered":"https:\/\/mediadorconflictos.com\/?p=18104"},"modified":"2026-02-28T16:55:32","modified_gmt":"2026-02-28T15:55:32","slug":"financament-i-gratuitat-real-de-lescola-concertada","status":"publish","type":"post","link":"https:\/\/mediadorconflictos.com\/ca\/financament-i-gratuitat-real-de-lescola-concertada\/","title":{"rendered":"Finan\u00e7ament i gratu\u00eftat real de l\u2019escola concertada"},"content":{"rendered":"<h3><strong>Finan\u00e7ament i gratu\u00eftat real de l\u2019escola concertada<\/strong><\/h3>\n<p>En els darrers dies, una not\u00edcia publicada a La Vanguardia ha tornat a posar sobre la taula una q\u00fcesti\u00f3 tan rellevant com sovint silenciada: l\u2019infrafinan\u00e7ament estructural de l\u2019escola concertada a Catalunya i les dificultats reals per garantir una gratu\u00eftat efectiva del sistema educatiu. Diverses entitats representatives del sector han iniciat una campanya de recollida de signatures per reclamar un finan\u00e7ament suficient que permeti equiparar recursos humans i materials amb l\u2019escola p\u00fablica, evitant que siguin les fam\u00edlies qui acabin assumint, de manera indirecta, el d\u00e8ficit de finan\u00e7ament.<\/p>\n<p><strong><a href=\"https:\/\/www.lavanguardia.com\/vida\/20260225\/11475176\/escuela-concertada-catalunya-da-golpe-mesa-recogera-firmas-evitar-asfixia-economica.html\">SOS de la escuela concertada a Illa: pide que se corrija el \u201cd\u00e9ficit hist\u00f3rico\u201d de financiaci\u00f3n<\/a><\/strong><\/p>\n<p>Escric aquestes l\u00ednies des d\u2019una doble mirada que considero honest rellevant explicitar. D\u2019una banda, com a mediador de conflictes registrat, acostumat a analitzar els conflictes sist\u00e8mics des de les seves causes estructurals, m\u00e9s enll\u00e0 de les posicions confrontades. De l\u2019altra, com a docent de cicles formatius a La Salle, una instituci\u00f3 amb una traject\u00f2ria educativa indiscutible, que integra realitats diverses: formaci\u00f3 privada, per\u00f2 tamb\u00e9 etapes i \u00e0mbits clarament concertats que formen part del sistema educatiu sostingut amb fons p\u00fablics.<\/p>\n<p>Precisament per aquesta pluralitat, resulta especialment evident la tensi\u00f3 que genera un model que proclama la gratu\u00eftat de l\u2019educaci\u00f3, per\u00f2 que no dota adequadament tots els centres que en formen part. Tal com exposen les entitats promotores de la campanya, l\u2019escola concertada representa aproximadament un ter\u00e7 del sistema educatiu catal\u00e0, per\u00f2 nom\u00e9s ha rebut una part molt minorit\u00e0ria de l\u2019increment pressupostari dels darrers anys. Aquesta asimetria no \u00e9s nom\u00e9s una q\u00fcesti\u00f3 comptable: t\u00e9 conseq\u00fc\u00e8ncies directes sobre la igualtat d\u2019oportunitats, la llibertat real d\u2019elecci\u00f3 de centre i la cohesi\u00f3 del sistema educatiu.<\/p>\n<p>La direcci\u00f3 del centre ens ha fet arribar un document clar i argumentat que explica les raons d\u2019aquesta mobilitzaci\u00f3 i la necessitat de garantir, tamb\u00e9 per a l\u2019escola concertada, els recursos imprescindibles per oferir una educaci\u00f3 plenament gratu\u00efta i de qualitat. Comparteixo el fons d\u2019aquest plantejament i considero que expressar-ho p\u00fablicament \u00e9s una q\u00fcesti\u00f3 de coher\u00e8ncia professional i de responsabilitat c\u00edvica.<\/p>\n<p>Aquest no \u00e9s un article sobre mediaci\u00f3, per\u00f2 s\u00ed que parteix d\u2019una convicci\u00f3 profundament vinculada a la cultura del di\u00e0leg: els conflictes estructurals no es resolen ignorant-los, sin\u00f3 fent-los visibles i abordant-los amb dades, rigor i voluntat d\u2019acord. El debat sobre el finan\u00e7ament educatiu no hauria de ser un enfrontament entre xarxes, sin\u00f3 una reflexi\u00f3 col\u00b7lectiva sobre com garantir un sistema just, sostenible i realment gratu\u00eft per a totes les fam\u00edlies.<\/p>\n<p>Per aquest motiu, vull donar suport expl\u00edcit a la iniciativa impulsada per diverses entitats educatives i animar les fam\u00edlies, docents i ciutadania en general a adherir-s\u2019hi mitjan\u00e7ant la signatura del manifest, disponible al seg\u00fcent enlla\u00e7:<\/p>\n<p><strong><a href=\"https:\/\/www.escoladelagent.org\">https:\/\/www.escoladelagent.org<\/a><\/strong><\/p>\n<p><u>Entitats promotores<\/u>:<\/p>\n<ul>\n<li><strong>Fam\u00edlies:<\/strong> Confederaci\u00f3 Cristiana d&#8217;Associacions de Pares i Mares d&#8217;Alumnes de Catalunya (CCAPAC) i Federaci\u00f3 d&#8217;Associacions de Pares i Mares d&#8217;Escoles Lliures de Catalunya (FAPEL).<\/li>\n<li><strong>Sindicats i docents:<\/strong> Federaci\u00f3 d\u2019Ensenyament de la USOC (FEUSOC) i Associaci\u00f3 de professors de les Escoles Cristianes de Catalunya (APECC).<\/li>\n<li><strong>Patronals:<\/strong> Agrupaci\u00f3 Escolar Catalana (AEC), Associaci\u00f3 Professional Serveis Educatius de Catalunya (APSEC), Confederaci\u00f3 de Centres Aut\u00f2noms d\u2019Ensenyament de Catalunya (CCAEC), Federaci\u00f3 Catalana de Centres d\u2019Ensenyament (FECACEN) i Fundaci\u00f3 Escola Cristiana de Catalunya (FECC).<\/li>\n<\/ul>\n<p><strong><a href=\"https:\/\/mediadorconflictos.com\/ca\/financament-i-gratuitat-real-de-lescola-concertada\/25_02_26_carta_families_ilp-5\/\" rel=\"attachment wp-att-18121\">25_02_26_Carta_families_ILP (5)<\/a><\/strong><\/p>\n<p>Daniel Sererols Villal\u00f3n<br \/>\nAdvocat mediador<br \/>\nTel. 661 463 306<br \/>\n<a href=\"mailto:daniel@mediadorconflictos.com\">daniel@mediadorconflictos.com<\/a><\/p>\n<p>&nbsp;<\/p>\n<p>&nbsp;<\/p>\n","protected":false},"excerpt":{"rendered":"<p>Finan\u00e7ament i gratu\u00eftat real de l\u2019escola concertada En els darrers dies, una not\u00edcia publicada a La Vanguardia ha tornat a posar sobre la taula una q\u00fcesti\u00f3 tan rellevant com sovint silenciada: l\u2019infrafinan\u00e7ament estructural de l\u2019escola concertada a Catalunya i les dificultats reals per garantir una&#8230;<\/p>\n","protected":false},"author":3,"featured_media":18105,"comment_status":"closed","ping_status":"closed","sticky":false,"template":"","format":"standard","meta":{"footnotes":""},"categories":[58],"tags":[114],"class_list":["post-18104","post","type-post","status-publish","format-standard","has-post-thumbnail","hentry","category-actualitat","tag-blog-ca"],"_links":{"self":[{"href":"https:\/\/mediadorconflictos.com\/ca\/wp-json\/wp\/v2\/posts\/18104","targetHints":{"allow":["GET"]}}],"collection":[{"href":"https:\/\/mediadorconflictos.com\/ca\/wp-json\/wp\/v2\/posts"}],"about":[{"href":"https:\/\/mediadorconflictos.com\/ca\/wp-json\/wp\/v2\/types\/post"}],"author":[{"embeddable":true,"href":"https:\/\/mediadorconflictos.com\/ca\/wp-json\/wp\/v2\/users\/3"}],"replies":[{"embeddable":true,"href":"https:\/\/mediadorconflictos.com\/ca\/wp-json\/wp\/v2\/comments?post=18104"}],"version-history":[{"count":3,"href":"https:\/\/mediadorconflictos.com\/ca\/wp-json\/wp\/v2\/posts\/18104\/revisions"}],"predecessor-version":[{"id":18127,"href":"https:\/\/mediadorconflictos.com\/ca\/wp-json\/wp\/v2\/posts\/18104\/revisions\/18127"}],"wp:featuredmedia":[{"embeddable":true,"href":"https:\/\/mediadorconflictos.com\/ca\/wp-json\/wp\/v2\/media\/18105"}],"wp:attachment":[{"href":"https:\/\/mediadorconflictos.com\/ca\/wp-json\/wp\/v2\/media?parent=18104"}],"wp:term":[{"taxonomy":"category","embeddable":true,"href":"https:\/\/mediadorconflictos.com\/ca\/wp-json\/wp\/v2\/categories?post=18104"},{"taxonomy":"post_tag","embeddable":true,"href":"https:\/\/mediadorconflictos.com\/ca\/wp-json\/wp\/v2\/tags?post=18104"}],"curies":[{"name":"wp","href":"https:\/\/api.w.org\/{rel}","templated":true}]}}